{"id":4822,"date":"2026-04-11T10:46:28","date_gmt":"2026-04-11T08:46:28","guid":{"rendered":"https:\/\/www.gerlach-machinery.com\/?p=4822"},"modified":"2026-04-11T10:48:12","modified_gmt":"2026-04-11T08:48:12","slug":"k-2022-in-dusseldorf-3","status":"publish","type":"post","link":"https:\/\/www.gerlach-machinery.com\/de\/rubberweek2026\/","title":{"rendered":"Michael Drach als Redner bei der Rubber Week 2026 vom 9. bis 12. Juni in Wien"},"content":{"rendered":"<p>Unser F&amp;E-Leiter Michael Drach wird im Juni 2026 als Gastredner bei der \u201eRubber Week 2026&#8243; in Wien vertreten sein. Die Veranstaltung wird vom TechnoBiz Rubber Network organisiert.<\/p>\n<p>Im Mittelpunkt seines Vortrags steht unsere Arbeit im Bereich der Devulkanisierungstechnologien. Wir freuen uns \u00fcber die M\u00f6glichkeit, unsere Forschungsergebnisse auf dieser internationalen Fachveranstaltung einem breiteren Publikum vorzustellen.<\/p>\n<p>Alle Details zur Veranstaltung finden Sie im untenstehend <a href=\"https:\/\/www.linkedin.com\/posts\/technobizrubbernetwork_rubberweek2026-rubberrecycling-devulcanization-activity-7443114793370189824-uU-e\" target=\"_blank\" rel=\"noopener\">verlinkten Originalbeitrag<\/a>. Bei Interesse an einem pers\u00f6nlichen Gespr\u00e4ch am Rande der Veranstaltung stehen wir gerne zur Verf\u00fcgung.<\/p>\n<p><a href=\"https:\/\/www.linkedin.com\/posts\/technobizrubbernetwork_rubberweek2026-rubberrecycling-devulcanization-activity-7443114793370189824-uU-e\" target=\"_blank\" rel=\"noopener\"><img fetchpriority=\"high\" decoding=\"async\" class=\"alignnone size-full wp-image-4824\" src=\"https:\/\/www.gerlach-machinery.com\/wp-content\/uploads\/2026\/04\/rubberweekbanner.jpg\" alt=\"\" width=\"1085\" height=\"1536\" srcset=\"https:\/\/www.gerlach-machinery.com\/wp-content\/uploads\/2026\/04\/rubberweekbanner.jpg 1085w, https:\/\/www.gerlach-machinery.com\/wp-content\/uploads\/2026\/04\/rubberweekbanner-212x300.jpg 212w, https:\/\/www.gerlach-machinery.com\/wp-content\/uploads\/2026\/04\/rubberweekbanner-723x1024.jpg 723w, https:\/\/www.gerlach-machinery.com\/wp-content\/uploads\/2026\/04\/rubberweekbanner-768x1087.jpg 768w\" sizes=\"(max-width: 1085px) 100vw, 1085px\" \/><\/a><\/p>\n","protected":false},"excerpt":{"rendered":"<p>Unser F&#038;E-Leiter Michael Drach wird im Juni 2026 als Gastredner bei der \u201eRubber Week 2026\u2033 in Wien vertreten sein. <\/p>\n","protected":false},"author":4,"featured_media":4826,"comment_status":"closed","ping_status":"closed","sticky":false,"template":"","format":"standard","meta":{"_acf_changed":false,"footnotes":""},"categories":[1],"tags":[],"yst_prominent_words":[289,260,259,454,159,269,302,304],"class_list":["post-4822","post","type-post","status-publish","format-standard","has-post-thumbnail","hentry","category-unkategorisiert"],"acf":[],"_links":{"self":[{"href":"https:\/\/www.gerlach-machinery.com\/de\/wp-json\/wp\/v2\/posts\/4822","targetHints":{"allow":["GET"]}}],"collection":[{"href":"https:\/\/www.gerlach-machinery.com\/de\/wp-json\/wp\/v2\/posts"}],"about":[{"href":"https:\/\/www.gerlach-machinery.com\/de\/wp-json\/wp\/v2\/types\/post"}],"author":[{"embeddable":true,"href":"https:\/\/www.gerlach-machinery.com\/de\/wp-json\/wp\/v2\/users\/4"}],"replies":[{"embeddable":true,"href":"https:\/\/www.gerlach-machinery.com\/de\/wp-json\/wp\/v2\/comments?post=4822"}],"version-history":[{"count":4,"href":"https:\/\/www.gerlach-machinery.com\/de\/wp-json\/wp\/v2\/posts\/4822\/revisions"}],"predecessor-version":[{"id":4834,"href":"https:\/\/www.gerlach-machinery.com\/de\/wp-json\/wp\/v2\/posts\/4822\/revisions\/4834"}],"wp:featuredmedia":[{"embeddable":true,"href":"https:\/\/www.gerlach-machinery.com\/de\/wp-json\/wp\/v2\/media\/4826"}],"wp:attachment":[{"href":"https:\/\/www.gerlach-machinery.com\/de\/wp-json\/wp\/v2\/media?parent=4822"}],"wp:term":[{"taxonomy":"category","embeddable":true,"href":"https:\/\/www.gerlach-machinery.com\/de\/wp-json\/wp\/v2\/categories?post=4822"},{"taxonomy":"post_tag","embeddable":true,"href":"https:\/\/www.gerlach-machinery.com\/de\/wp-json\/wp\/v2\/tags?post=4822"},{"taxonomy":"yst_prominent_words","embeddable":true,"href":"https:\/\/www.gerlach-machinery.com\/de\/wp-json\/wp\/v2\/yst_prominent_words?post=4822"}],"curies":[{"name":"wp","href":"https:\/\/api.w.org\/{rel}","templated":true}]}}